{"id":2138,"date":"2021-06-08T18:27:26","date_gmt":"2021-06-08T16:27:26","guid":{"rendered":"http:\/\/www.vartiosaari.fi\/uudet_sivut\/?p=2138"},"modified":"2021-06-08T20:26:33","modified_gmt":"2021-06-08T18:26:33","slug":"vuosikokous-kutsuu-8-6-2021","status":"publish","type":"post","link":"https:\/\/www.vartiosaari.fi\/uudet_sivut\/uncategorized\/vuosikokous-kutsuu-8-6-2021\/","title":{"rendered":"Vuosikokous 8.6.2021"},"content":{"rendered":"<p>Vartiosaari-seuran s\u00e4\u00e4nt\u00f6m\u00e4\u00e4r\u00e4inen vuosikokous pidettiin M\u00e4ntyniemess\u00e4 8.6.2021. Ennen kokousta Jari Luovi esitteli kokousv\u00e4elle M\u00e4ntyniemen toimintakeskuksen ja sen toiminnan. Koronatilanteesta huolimatta kokous houkutti paikalle tasan viidenneksen seuran henkil\u00f6j\u00e4senist\u00e4. Vuosikokous hyv\u00e4ksyi yksimielisesti s\u00e4\u00e4nt\u00f6muutosehdotuksen, jolla vastaavassa epidemia- tai muussa poikkeustilanteessa vuosikokous voidaan j\u00e4rjest\u00e4\u00e4 my\u00f6s et\u00e4n\u00e4. Ulla Raholan ansiokkaan ja aktiivisen puheenjohtajuuden jatkona seuran puheenjohtajuutta ryhtyy hoitamaan Marja Lahdenper\u00e4, joka on pitk\u00e4\u00e4n toiminut seuran sihteerin\u00e4.<\/p>\n<p><a href=\"https:\/\/www.vartiosaari.fi\/uudet_sivut\/wp-content\/uploads\/2021\/05\/Toimintakertomus-2020.pdf\">Toimintakertomus 2020<\/a><\/p>\n<p><a href=\"https:\/\/www.vartiosaari.fi\/uudet_sivut\/wp-content\/uploads\/2021\/05\/Toimintasuunnitelma-2021.pdf\">Toimintasuunnitelma 2021<\/a><\/p>\n","protected":false},"excerpt":{"rendered":"<p>Vartiosaari-seuran s\u00e4\u00e4nt\u00f6m\u00e4\u00e4r\u00e4inen vuosikokous pidettiin M\u00e4ntyniemess\u00e4 8.6.2021. Ennen kokousta Jari Luovi esitteli kokousv\u00e4elle M\u00e4ntyniemen toimintakeskuksen ja sen toiminnan. Koronatilanteesta huolimatta kokous houkutti paikalle tasan viidenneksen seuran henkil\u00f6j\u00e4senist\u00e4. Vuosikokous hyv\u00e4ksyi yksimielisesti s\u00e4\u00e4nt\u00f6muutosehdotuksen, jolla vastaavassa epidemia- tai muussa poikkeustilanteessa vuosikokous voidaan j\u00e4rjest\u00e4\u00e4 my\u00f6s et\u00e4n\u00e4. Ulla Raholan ansiokkaan ja aktiivisen puheenjohtajuuden jatkona seuran puheenjohtajuutta ryhtyy hoitamaan Marja Lahdenper\u00e4, joka&#8230; <\/p>\n<div class=\"link-more\"><a href=\"https:\/\/www.vartiosaari.fi\/uudet_sivut\/uncategorized\/vuosikokous-kutsuu-8-6-2021\/\">Read More<\/a><\/div>\n","protected":false},"author":5,"featured_media":2168,"comment_status":"closed","ping_status":"closed","sticky":true,"template":"","format":"standard","meta":{"_jetpack_memberships_contains_paid_content":false,"footnotes":""},"categories":[1],"tags":[],"class_list":["post-2138","post","type-post","status-publish","format-standard","has-post-thumbnail","hentry","category-uncategorized"],"views":2371,"jetpack_featured_media_url":"https:\/\/www.vartiosaari.fi\/uudet_sivut\/wp-content\/uploads\/2021\/06\/IMG_1519.jpg","jetpack_sharing_enabled":true,"_links":{"self":[{"href":"https:\/\/www.vartiosaari.fi\/uudet_sivut\/wp-json\/wp\/v2\/posts\/2138","targetHints":{"allow":["GET"]}}],"collection":[{"href":"https:\/\/www.vartiosaari.fi\/uudet_sivut\/wp-json\/wp\/v2\/posts"}],"about":[{"href":"https:\/\/www.vartiosaari.fi\/uudet_sivut\/wp-json\/wp\/v2\/types\/post"}],"author":[{"embeddable":true,"href":"https:\/\/www.vartiosaari.fi\/uudet_sivut\/wp-json\/wp\/v2\/users\/5"}],"replies":[{"embeddable":true,"href":"https:\/\/www.vartiosaari.fi\/uudet_sivut\/wp-json\/wp\/v2\/comments?post=2138"}],"version-history":[{"count":4,"href":"https:\/\/www.vartiosaari.fi\/uudet_sivut\/wp-json\/wp\/v2\/posts\/2138\/revisions"}],"predecessor-version":[{"id":2167,"href":"https:\/\/www.vartiosaari.fi\/uudet_sivut\/wp-json\/wp\/v2\/posts\/2138\/revisions\/2167"}],"wp:featuredmedia":[{"embeddable":true,"href":"https:\/\/www.vartiosaari.fi\/uudet_sivut\/wp-json\/wp\/v2\/media\/2168"}],"wp:attachment":[{"href":"https:\/\/www.vartiosaari.fi\/uudet_sivut\/wp-json\/wp\/v2\/media?parent=2138"}],"wp:term":[{"taxonomy":"category","embeddable":true,"href":"https:\/\/www.vartiosaari.fi\/uudet_sivut\/wp-json\/wp\/v2\/categories?post=2138"},{"taxonomy":"post_tag","embeddable":true,"href":"https:\/\/www.vartiosaari.fi\/uudet_sivut\/wp-json\/wp\/v2\/tags?post=2138"}],"curies":[{"name":"wp","href":"https:\/\/api.w.org\/{rel}","templated":true}]}}